{"id":531,"date":"2025-10-21T12:05:02","date_gmt":"2025-10-21T12:05:02","guid":{"rendered":"https:\/\/skg-noundaje.de\/?p=531"},"modified":"2025-10-21T12:05:02","modified_gmt":"2025-10-21T12:05:02","slug":"neue-gesichter-im-vorstand-der-serriger-karnevalsgesellschaft","status":"publish","type":"post","link":"https:\/\/skg-noundaje.de\/?p=531","title":{"rendered":"Neue Gesichter im Vorstand der Serriger Karnevalsgesellschaft"},"content":{"rendered":"\n<p>Zur Jahreshauptversammlung der SKG am 10. September dankten gleich drei Mitglieder des amtierenden Vorstandes ab, sodass die Posten der beiden Vorsitzenden und des ersten Kassierers neu zu besetzen waren. Leider musste die Sitzung unterbrochen werden, da KanditatInnen f\u00fcr den 1. Vorsitz ausblieben. Eine erneute Mitgliederversammlung wurde am 08. Oktober einberufen. Diesmal mit gl\u00fccklichem Ausgang. Z\u00fcgig konnten die fehlenden Vorstandsposten besetzt werden und die Mitgliederversammlung wurde wie geplant fortgef\u00fchrt.<\/p>\n\n\n\n<p>Wir freuen uns den neuen Vorstand verk\u00fcnden zu k\u00f6nnen:<\/p>\n\n\n\n<figure class=\"wp-block-table\"><table class=\"has-fixed-layout\"><tbody><tr><td>1. Vorsitzende<\/td><td>Alice Weimer<\/td><\/tr><tr><td>2. Vorsitzender<\/td><td>Stefan Backes<\/td><\/tr><tr><td>1. Kassierer<\/td><td>Bernd Karl<\/td><\/tr><tr><td>2. Kassiererin<\/td><td>Victoria Herber<\/td><\/tr><tr><td>1. Schriftf\u00fchrerin<\/td><td>Marie-Josiane Haupert<\/td><\/tr><tr><td>2. Schriftf\u00fchrerin<\/td><td>Monika Rapacz<\/td><\/tr><tr><td>Jugendwart<\/td><td>Saskia Jakob<\/td><\/tr><\/tbody><\/table><\/figure>\n\n\n\n<p>\u00a0\u00a0\u00a0 <\/p>\n\n\n\n<p>Ein herzlicher Dank gilt den scheidenden Vorstandsmitgliedern Philip Poss, Matthias Neises und Florence Courbaron f\u00fcr ihre langj\u00e4hrige Vorstandsarbeit. Mit einem nun vollst\u00e4ndigen Vorstand steht dem Start in die neue Session nun nichts mehr im Wege. Das Motto der Session 2025\/2026 lautet:<\/p>\n\n\n\n<p><strong><em>Die SKG auf den Kopf gestellt,<\/em><\/strong><br><strong><em>Foasend in umgekehrter Welt!<\/em><\/strong><\/p>\n\n\n\n<p>Am <strong>15. November 2025<\/strong> um 20:11 Uhr l\u00e4dt die SKG zur Sessionser\u00f6ffnung in die <strong>Basilika<\/strong> der Mehrzweckhalle Serrig ein.<\/p>\n\n\n\n<p>Im neuen Jahr geht es dann mit folgenden Veranstaltungen weiter:<\/p>\n\n\n\n<ul class=\"wp-block-list\">\n<li>Kartenvorverkauf\u00a0\u00a0\u00a0\u00a0\u00a0\u00a0\u00a0\u00a0\u00a0\u00a0\u00a0\u00a0\u00a0\u00a0\u00a0\u00a0\u00a0\u00a0\u00a0\u00a0\u00a0\u00a0\u00a0\u00a0\u00a0\u00a0\u00a0\u00a0\u00a0\u00a0\u00a0\u00a0\u00a0\u00a0\u00a0\u00a0\u00a0\u00a0\u00a0\u00a0\u00a0\u00a0\u00a0\u00a0\u00a0\u00a0\u00a0\u00a0\u00a0\u00a0\u00a0\u00a0\u00a0\u00a0 11.01.2026<\/li>\n\n\n\n<li>1. Kappensitzung\u00a0\u00a0\u00a0\u00a0\u00a0\u00a0\u00a0\u00a0\u00a0\u00a0\u00a0\u00a0\u00a0\u00a0\u00a0\u00a0\u00a0\u00a0\u00a0\u00a0\u00a0\u00a0\u00a0\u00a0\u00a0\u00a0\u00a0\u00a0\u00a0\u00a0\u00a0\u00a0\u00a0\u00a0\u00a0\u00a0\u00a0\u00a0\u00a0\u00a0\u00a0\u00a0\u00a0\u00a0\u00a0\u00a0\u00a0\u00a0\u00a0\u00a0\u00a0\u00a0\u00a0\u00a0 30.01.2026<\/li>\n\n\n\n<li>Kinder- und Jugendkappensitzung\u00a0\u00a0\u00a0\u00a0\u00a0\u00a0\u00a0\u00a0\u00a0\u00a0\u00a0\u00a0\u00a0\u00a0\u00a0\u00a0\u00a0\u00a0\u00a0\u00a0\u00a0\u00a0\u00a0\u00a0\u00a0 01.02.2026<\/li>\n\n\n\n<li>2. Kappensitzung\u00a0\u00a0\u00a0\u00a0\u00a0\u00a0\u00a0\u00a0\u00a0\u00a0\u00a0\u00a0\u00a0\u00a0\u00a0\u00a0\u00a0\u00a0\u00a0\u00a0\u00a0\u00a0\u00a0\u00a0\u00a0\u00a0\u00a0\u00a0\u00a0\u00a0\u00a0\u00a0\u00a0\u00a0\u00a0\u00a0\u00a0\u00a0\u00a0\u00a0\u00a0\u00a0\u00a0\u00a0\u00a0\u00a0\u00a0\u00a0\u00a0\u00a0\u00a0\u00a0\u00a0\u00a0 07.02.2026<\/li>\n\n\n\n<li>Fastnachtsumzug\u00a0\u00a0\u00a0\u00a0\u00a0\u00a0\u00a0\u00a0\u00a0\u00a0\u00a0\u00a0\u00a0\u00a0\u00a0\u00a0\u00a0\u00a0\u00a0\u00a0\u00a0\u00a0\u00a0\u00a0\u00a0\u00a0\u00a0\u00a0\u00a0\u00a0\u00a0\u00a0\u00a0\u00a0\u00a0\u00a0\u00a0\u00a0\u00a0\u00a0\u00a0\u00a0\u00a0\u00a0\u00a0\u00a0\u00a0\u00a0\u00a0\u00a0\u00a0\u00a0\u00a0\u00a0 17.02.2026<\/li>\n<\/ul>\n\n\n\n<p>Wir freuen uns auf zahlreiche Besucher.<\/p>\n\n\n\n<p>JE DA NOUN!<\/p>\n","protected":false},"excerpt":{"rendered":"<p>Zur Jahreshauptversammlung der SKG am 10. September dankten gleich drei Mitglieder des amtierenden Vorstandes ab, sodass die Posten der beiden Vorsitzenden und des ersten Kassierers neu zu besetzen waren. Leider musste die Sitzung unterbrochen werden, da KanditatInnen f\u00fcr den 1. Vorsitz ausblieben. Eine erneute Mitgliederversammlung wurde am 08. Oktober einberufen. Diesmal mit gl\u00fccklichem Ausgang. Z\u00fcgig [&hellip;]<\/p>\n","protected":false},"author":1,"featured_media":0,"comment_status":"closed","ping_status":"open","sticky":false,"template":"","format":"standard","meta":{"site-sidebar-layout":"default","site-content-layout":"","ast-site-content-layout":"default","site-content-style":"default","site-sidebar-style":"default","ast-global-header-display":"","ast-banner-title-visibility":"","ast-main-header-display":"","ast-hfb-above-header-display":"","ast-hfb-below-header-display":"","ast-hfb-mobile-header-display":"","site-post-title":"","ast-breadcrumbs-content":"","ast-featured-img":"","footer-sml-layout":"","ast-disable-related-posts":"","theme-transparent-header-meta":"","adv-header-id-meta":"","stick-header-meta":"","header-above-stick-meta":"","header-main-stick-meta":"","header-below-stick-meta":"","astra-migrate-meta-layouts":"set","ast-page-background-enabled":"default","ast-page-background-meta":{"desktop":{"background-color":"","background-image":"","background-repeat":"repeat","background-position":"center center","background-size":"auto","background-attachment":"scroll","background-type":"","background-media":"","overlay-type":"","overlay-color":"","overlay-opacity":"","overlay-gradient":""},"tablet":{"background-color":"","background-image":"","background-repeat":"repeat","background-position":"center center","background-size":"auto","background-attachment":"scroll","background-type":"","background-media":"","overlay-type":"","overlay-color":"","overlay-opacity":"","overlay-gradient":""},"mobile":{"background-color":"","background-image":"","background-repeat":"repeat","background-position":"center center","background-size":"auto","background-attachment":"scroll","background-type":"","background-media":"","overlay-type":"","overlay-color":"","overlay-opacity":"","overlay-gradient":""}},"ast-content-background-meta":{"desktop":{"background-color":"var(--ast-global-color-5)","background-image":"","background-repeat":"repeat","background-position":"center center","background-size":"auto","background-attachment":"scroll","background-type":"","background-media":"","overlay-type":"","overlay-color":"","overlay-opacity":"","overlay-gradient":""},"tablet":{"background-color":"var(--ast-global-color-5)","background-image":"","background-repeat":"repeat","background-position":"center center","background-size":"auto","background-attachment":"scroll","background-type":"","background-media":"","overlay-type":"","overlay-color":"","overlay-opacity":"","overlay-gradient":""},"mobile":{"background-color":"var(--ast-global-color-5)","background-image":"","background-repeat":"repeat","background-position":"center center","background-size":"auto","background-attachment":"scroll","background-type":"","background-media":"","overlay-type":"","overlay-color":"","overlay-opacity":"","overlay-gradient":""}},"footnotes":""},"categories":[1],"tags":[],"class_list":["post-531","post","type-post","status-publish","format-standard","hentry","category-uncategorized"],"_links":{"self":[{"href":"https:\/\/skg-noundaje.de\/index.php?rest_route=\/wp\/v2\/posts\/531","targetHints":{"allow":["GET"]}}],"collection":[{"href":"https:\/\/skg-noundaje.de\/index.php?rest_route=\/wp\/v2\/posts"}],"about":[{"href":"https:\/\/skg-noundaje.de\/index.php?rest_route=\/wp\/v2\/types\/post"}],"author":[{"embeddable":true,"href":"https:\/\/skg-noundaje.de\/index.php?rest_route=\/wp\/v2\/users\/1"}],"replies":[{"embeddable":true,"href":"https:\/\/skg-noundaje.de\/index.php?rest_route=%2Fwp%2Fv2%2Fcomments&post=531"}],"version-history":[{"count":1,"href":"https:\/\/skg-noundaje.de\/index.php?rest_route=\/wp\/v2\/posts\/531\/revisions"}],"predecessor-version":[{"id":532,"href":"https:\/\/skg-noundaje.de\/index.php?rest_route=\/wp\/v2\/posts\/531\/revisions\/532"}],"wp:attachment":[{"href":"https:\/\/skg-noundaje.de\/index.php?rest_route=%2Fwp%2Fv2%2Fmedia&parent=531"}],"wp:term":[{"taxonomy":"category","embeddable":true,"href":"https:\/\/skg-noundaje.de\/index.php?rest_route=%2Fwp%2Fv2%2Fcategories&post=531"},{"taxonomy":"post_tag","embeddable":true,"href":"https:\/\/skg-noundaje.de\/index.php?rest_route=%2Fwp%2Fv2%2Ftags&post=531"}],"curies":[{"name":"wp","href":"https:\/\/api.w.org\/{rel}","templated":true}]}}