{"id":122,"date":"2019-08-17T10:29:30","date_gmt":"2019-08-17T08:29:30","guid":{"rendered":"http:\/\/skgnoundaje.home.blog\/?p=122"},"modified":"2019-08-17T10:29:30","modified_gmt":"2019-08-17T08:29:30","slug":"neue-zugstrecke-am-fastnachtdienstag-in-serrig","status":"publish","type":"post","link":"https:\/\/skg-noundaje.de\/?p=122","title":{"rendered":"Neue Zugstrecke am Fastnachtdienstag in Serrig"},"content":{"rendered":"\n<p><strong>Der \u201eFoasendzuch\u201c am 13. Februar 2018 in Serrig geht ab diesem Jahr \u00fcber eine neue Zugstrecke.<\/strong><\/p>\n\n\n\n<p><strong>Die neue Ausstellung ist in der Charbuyerstr\/ Saasteinstr. im Neubaugebiet ERL 1 die Zufahrt dorthin ist ausgeschildert.<\/strong><\/p>\n\n\n\n<p><strong>Der Streckenverlauf beginnt bei der Bahnbr\u00fccke und geht \u00fcber die Hauptsra\u00dfe\/ Losheimerstr bis zum Kindergarten.<\/strong><\/p>\n\n\n\n<p>Nach Zugaufl\u00f6sung am Kindergarten bitten wir die Wagen im Bereich Losheimerstr.\/ Parkanlage bei der Feuerwehr abzustellen. Alle Teilnehmer der Gruppen sind anschlie\u00dfend herzlich eingeladen den Stra\u00dfenkarneval am Petersplatz mitzufeiern.<\/p>\n\n\n\n<p>Parkpl\u00e4tze f\u00fcr alle Besucher sind im Bereich Sportplatz\/ Ladestra\u00dfe an der Bahn ausgezeichnet.<\/p>\n\n\n\n<p>In diesem Jahr ist zum ersten Mal ein beheiztes Festzelt auf dem Petersplatz. Es sind auch mehrere St\u00e4nde mit Essen und Getr\u00e4nke im Bereich Petersplatz\/ Martinusstra\u00dfe.<\/p>\n\n\n\n<p>&nbsp;Hier werden, nach dem Umzug, alle teilnehmenden Gruppen noch einmal begr\u00fc\u00dft und bei musikalischer Unterhaltung der j\u00e4hrliche Stra\u00dfenkarneval gefeiert.<\/p>\n\n\n\n<p><strong>Die Ortsdurchfahrt Serrig ist bis in die Abendstunden voll gesperrt.<\/strong><\/p>\n\n\n\n<p><strong>Der n\u00e4rrische Lindwurm startet um 14:11 Uhr.<\/strong><\/p>\n\n\n\n<p>Weiter Information \u00fcber den Umzug\/ Ablauf auf dem Petersplatz finden sie auch auf unserer Homepage&nbsp;&nbsp;www.skg-noundaje.de<\/p>\n\n\n\n<p>Wir bitten alle teilnehmenden Gruppen sich bei der Zugleitung anzumelden damit wir die entsprechenden Infos an alle weitergeben k\u00f6nnen.<\/p>\n\n\n\n<p><strong>Ansprechpartner Andreas Meier&nbsp;&nbsp; Telefon 0160 25 29 326 Email: meiereins@gmx.de&nbsp; &nbsp;<\/strong><\/p>\n","protected":false},"excerpt":{"rendered":"<p>Der \u201eFoasendzuch\u201c am 13. Februar 2018 in Serrig geht ab diesem Jahr \u00fcber eine neue Zugstrecke. Die neue Ausstellung ist in der Charbuyerstr\/ Saasteinstr. im Neubaugebiet ERL 1 die Zufahrt dorthin ist ausgeschildert. Der Streckenverlauf beginnt bei der Bahnbr\u00fccke und geht \u00fcber die Hauptsra\u00dfe\/ Losheimerstr bis zum Kindergarten. Nach Zugaufl\u00f6sung am Kindergarten bitten wir die [&hellip;]<\/p>\n","protected":false},"author":1,"featured_media":0,"comment_status":"open","ping_status":"open","sticky":false,"template":"","format":"standard","meta":{"site-sidebar-layout":"default","site-content-layout":"","ast-site-content-layout":"default","site-content-style":"default","site-sidebar-style":"default","ast-global-header-display":"","ast-banner-title-visibility":"","ast-main-header-display":"","ast-hfb-above-header-display":"","ast-hfb-below-header-display":"","ast-hfb-mobile-header-display":"","site-post-title":"","ast-breadcrumbs-content":"","ast-featured-img":"","footer-sml-layout":"","ast-disable-related-posts":"","theme-transparent-header-meta":"","adv-header-id-meta":"","stick-header-meta":"","header-above-stick-meta":"","header-main-stick-meta":"","header-below-stick-meta":"","astra-migrate-meta-layouts":"default","ast-page-background-enabled":"default","ast-page-background-meta":{"desktop":{"background-color":"","background-image":"","background-repeat":"repeat","background-position":"center center","background-size":"auto","background-attachment":"scroll","background-type":"","background-media":"","overlay-type":"","overlay-color":"","overlay-opacity":"","overlay-gradient":""},"tablet":{"background-color":"","background-image":"","background-repeat":"repeat","background-position":"center center","background-size":"auto","background-attachment":"scroll","background-type":"","background-media":"","overlay-type":"","overlay-color":"","overlay-opacity":"","overlay-gradient":""},"mobile":{"background-color":"","background-image":"","background-repeat":"repeat","background-position":"center center","background-size":"auto","background-attachment":"scroll","background-type":"","background-media":"","overlay-type":"","overlay-color":"","overlay-opacity":"","overlay-gradient":""}},"ast-content-background-meta":{"desktop":{"background-color":"var(--ast-global-color-5)","background-image":"","background-repeat":"repeat","background-position":"center center","background-size":"auto","background-attachment":"scroll","background-type":"","background-media":"","overlay-type":"","overlay-color":"","overlay-opacity":"","overlay-gradient":""},"tablet":{"background-color":"var(--ast-global-color-5)","background-image":"","background-repeat":"repeat","background-position":"center center","background-size":"auto","background-attachment":"scroll","background-type":"","background-media":"","overlay-type":"","overlay-color":"","overlay-opacity":"","overlay-gradient":""},"mobile":{"background-color":"var(--ast-global-color-5)","background-image":"","background-repeat":"repeat","background-position":"center center","background-size":"auto","background-attachment":"scroll","background-type":"","background-media":"","overlay-type":"","overlay-color":"","overlay-opacity":"","overlay-gradient":""}},"footnotes":""},"categories":[2],"tags":[],"class_list":["post-122","post","type-post","status-publish","format-standard","hentry","category-allgemein"],"_links":{"self":[{"href":"https:\/\/skg-noundaje.de\/index.php?rest_route=\/wp\/v2\/posts\/122","targetHints":{"allow":["GET"]}}],"collection":[{"href":"https:\/\/skg-noundaje.de\/index.php?rest_route=\/wp\/v2\/posts"}],"about":[{"href":"https:\/\/skg-noundaje.de\/index.php?rest_route=\/wp\/v2\/types\/post"}],"author":[{"embeddable":true,"href":"https:\/\/skg-noundaje.de\/index.php?rest_route=\/wp\/v2\/users\/1"}],"replies":[{"embeddable":true,"href":"https:\/\/skg-noundaje.de\/index.php?rest_route=%2Fwp%2Fv2%2Fcomments&post=122"}],"version-history":[{"count":0,"href":"https:\/\/skg-noundaje.de\/index.php?rest_route=\/wp\/v2\/posts\/122\/revisions"}],"wp:attachment":[{"href":"https:\/\/skg-noundaje.de\/index.php?rest_route=%2Fwp%2Fv2%2Fmedia&parent=122"}],"wp:term":[{"taxonomy":"category","embeddable":true,"href":"https:\/\/skg-noundaje.de\/index.php?rest_route=%2Fwp%2Fv2%2Fcategories&post=122"},{"taxonomy":"post_tag","embeddable":true,"href":"https:\/\/skg-noundaje.de\/index.php?rest_route=%2Fwp%2Fv2%2Ftags&post=122"}],"curies":[{"name":"wp","href":"https:\/\/api.w.org\/{rel}","templated":true}]}}