{"id":119,"date":"2019-08-17T10:29:04","date_gmt":"2019-08-17T08:29:04","guid":{"rendered":"http:\/\/skgnoundaje.home.blog\/?p=119"},"modified":"2019-08-17T10:29:04","modified_gmt":"2019-08-17T08:29:04","slug":"kartenvorverkauf","status":"publish","type":"post","link":"https:\/\/skg-noundaje.de\/?p=119","title":{"rendered":"Kartenvorverkauf"},"content":{"rendered":"\n<p>Liebe Freunde der Serriger Fastnacht,&nbsp;<\/p>\n\n\n\n<p>am Sonntag dem, 14.01.2018, fand im Pfarrheim Serrig der diesj\u00e4hrige Kartenvorverkauf der SKG statt.<\/p>\n\n\n\n<p>Bei einem&nbsp;&nbsp;Bier und warmen Gl\u00fchwein, lie\u00df es sich geduldig warten, bis der Aufruf der eigenen Nummer kam und eine Eintrittskarte erworben werden konnte.<\/p>\n\n\n\n<p>Getreu dem Motto \u201eLachstartar und Sahnebaiser, Guten Appetit Serrsch Noun da je!\u201c, gab es in diesem Jahr Tischreservierungen als Eintrittskarten. Der&nbsp;<strong>erste Gang&nbsp;<\/strong>(erste Kappensitzung) wird am&nbsp;<strong>26.01.18, um 20:11Uhr<\/strong>serviert, der&nbsp;<strong>zweite Gang&nbsp;<\/strong>(zweite Kappensitzung) findet am&nbsp;<strong>03.02.18, um 20:11Uhr&nbsp;<\/strong>statt.&nbsp;<\/p>\n\n\n\n<p><strong>Weitere Karten sind in der B\u00e4ckerei Meier in Serrig f\u00fcr 13\u20ac<\/strong>&nbsp;<strong>erh\u00e4ltlich.&nbsp;<\/strong><\/p>\n\n\n\n<p>Die Serriger Karnevalsgesellschaft freut sich auf Ihren Besuch!&nbsp;<\/p>\n\n\n\n<p>P.s. Au\u00dferdem landeten wir in einem Artikel der &#8222;Frankfurter&nbsp;Neue Presse&#8220; in den Top 10 der kuriosesten Schlachtrufe der Foasend.&nbsp;<\/p>\n\n\n\n<p>http:\/\/www.fnp.de\/rhein-main\/Joeri-Joeri-Das-sind-die-zehn-kuriosesten-Narrenrufe;art801,2880750<\/p>\n","protected":false},"excerpt":{"rendered":"<p>Liebe Freunde der Serriger Fastnacht,&nbsp; am Sonntag dem, 14.01.2018, fand im Pfarrheim Serrig der diesj\u00e4hrige Kartenvorverkauf der SKG statt. Bei einem&nbsp;&nbsp;Bier und warmen Gl\u00fchwein, lie\u00df es sich geduldig warten, bis der Aufruf der eigenen Nummer kam und eine Eintrittskarte erworben werden konnte. Getreu dem Motto \u201eLachstartar und Sahnebaiser, Guten Appetit Serrsch Noun da je!\u201c, gab [&hellip;]<\/p>\n","protected":false},"author":1,"featured_media":0,"comment_status":"open","ping_status":"open","sticky":false,"template":"","format":"standard","meta":{"site-sidebar-layout":"default","site-content-layout":"","ast-site-content-layout":"default","site-content-style":"default","site-sidebar-style":"default","ast-global-header-display":"","ast-banner-title-visibility":"","ast-main-header-display":"","ast-hfb-above-header-display":"","ast-hfb-below-header-display":"","ast-hfb-mobile-header-display":"","site-post-title":"","ast-breadcrumbs-content":"","ast-featured-img":"","footer-sml-layout":"","ast-disable-related-posts":"","theme-transparent-header-meta":"","adv-header-id-meta":"","stick-header-meta":"","header-above-stick-meta":"","header-main-stick-meta":"","header-below-stick-meta":"","astra-migrate-meta-layouts":"default","ast-page-background-enabled":"default","ast-page-background-meta":{"desktop":{"background-color":"","background-image":"","background-repeat":"repeat","background-position":"center center","background-size":"auto","background-attachment":"scroll","background-type":"","background-media":"","overlay-type":"","overlay-color":"","overlay-opacity":"","overlay-gradient":""},"tablet":{"background-color":"","background-image":"","background-repeat":"repeat","background-position":"center center","background-size":"auto","background-attachment":"scroll","background-type":"","background-media":"","overlay-type":"","overlay-color":"","overlay-opacity":"","overlay-gradient":""},"mobile":{"background-color":"","background-image":"","background-repeat":"repeat","background-position":"center center","background-size":"auto","background-attachment":"scroll","background-type":"","background-media":"","overlay-type":"","overlay-color":"","overlay-opacity":"","overlay-gradient":""}},"ast-content-background-meta":{"desktop":{"background-color":"var(--ast-global-color-5)","background-image":"","background-repeat":"repeat","background-position":"center center","background-size":"auto","background-attachment":"scroll","background-type":"","background-media":"","overlay-type":"","overlay-color":"","overlay-opacity":"","overlay-gradient":""},"tablet":{"background-color":"var(--ast-global-color-5)","background-image":"","background-repeat":"repeat","background-position":"center center","background-size":"auto","background-attachment":"scroll","background-type":"","background-media":"","overlay-type":"","overlay-color":"","overlay-opacity":"","overlay-gradient":""},"mobile":{"background-color":"var(--ast-global-color-5)","background-image":"","background-repeat":"repeat","background-position":"center center","background-size":"auto","background-attachment":"scroll","background-type":"","background-media":"","overlay-type":"","overlay-color":"","overlay-opacity":"","overlay-gradient":""}},"footnotes":""},"categories":[2],"tags":[],"class_list":["post-119","post","type-post","status-publish","format-standard","hentry","category-allgemein"],"_links":{"self":[{"href":"https:\/\/skg-noundaje.de\/index.php?rest_route=\/wp\/v2\/posts\/119","targetHints":{"allow":["GET"]}}],"collection":[{"href":"https:\/\/skg-noundaje.de\/index.php?rest_route=\/wp\/v2\/posts"}],"about":[{"href":"https:\/\/skg-noundaje.de\/index.php?rest_route=\/wp\/v2\/types\/post"}],"author":[{"embeddable":true,"href":"https:\/\/skg-noundaje.de\/index.php?rest_route=\/wp\/v2\/users\/1"}],"replies":[{"embeddable":true,"href":"https:\/\/skg-noundaje.de\/index.php?rest_route=%2Fwp%2Fv2%2Fcomments&post=119"}],"version-history":[{"count":0,"href":"https:\/\/skg-noundaje.de\/index.php?rest_route=\/wp\/v2\/posts\/119\/revisions"}],"wp:attachment":[{"href":"https:\/\/skg-noundaje.de\/index.php?rest_route=%2Fwp%2Fv2%2Fmedia&parent=119"}],"wp:term":[{"taxonomy":"category","embeddable":true,"href":"https:\/\/skg-noundaje.de\/index.php?rest_route=%2Fwp%2Fv2%2Fcategories&post=119"},{"taxonomy":"post_tag","embeddable":true,"href":"https:\/\/skg-noundaje.de\/index.php?rest_route=%2Fwp%2Fv2%2Ftags&post=119"}],"curies":[{"name":"wp","href":"https:\/\/api.w.org\/{rel}","templated":true}]}}